{"id":665,"date":"2018-06-18T21:20:02","date_gmt":"2018-06-18T20:20:02","guid":{"rendered":"https:\/\/knos.ug.edu.pl\/?p=665"},"modified":"2018-06-26T22:06:49","modified_gmt":"2018-06-26T21:06:49","slug":"dni-zrownowazonego-rozwoju-7-06-2018","status":"publish","type":"post","link":"https:\/\/knos.ug.edu.pl\/?p=665","title":{"rendered":"Dni Zr\u00f3wnowa\u017conego Rozwoju 5.06.2018"},"content":{"rendered":"<p>W ramach Europejskiego Tygodnia Zr\u00f3wnowa\u017conego Rozwoju mieli\u015bmy okazj\u0119 by\u0107 wsp\u00f3\u0142tw\u00f3rcami Dnia Zr\u00f3wnowa\u017conego Rozwoju na Wydziale Ekonomii UG, kt\u00f3ry odby\u0142 si\u0119 5 czerwca 2018. Na kt\u00f3rym przedstawiali\u015bmy aktualne zasady segregowania \u015bmieci w Gda\u0144sku oraz mieli\u015bmy okazj\u0119 spr\u00f3bowa\u0107 talerzy z otr\u0119b\u00f3w czy chips\u00f3w z manioka <em>(pychota)<\/em>.<\/p>\n<p>Dodatkowo w ramach przygotowa\u0144 do tego wydarzenia odbyli\u015bmy szkolenie z zakresu przygotowywania naturalnych \u015brodk\u00f3w czysto\u015bci. Przyk\u0142adowo: w celu stworzenia od\u015bwie\u017cacza powietrza potrzebna jest soda oczyszczona + olejek zapachowy, a do uniwersalnego \u015brodka do czyszczenia: 1 litr octu, w kt\u00f3rym znajduj\u0105 si\u0119 sk\u00f3rki pomara\u0144czowe przez oko\u0142o 7 dni, aby zniwelowa\u0107 nieprzyjemny zapach.<\/p>\n<p>Cz\u0119\u015b\u0107 naszych cz\u0142onk\u00f3w mia\u0142o okazj\u0119 odby\u0107 szkolenie z przygotowywania naturalnych kosmetyk\u00f3w wraz ze wsp\u00f3\u0142pracy z :\u00a0<a href=\"https:\/\/www.facebook.com\/ecoart.trojmiasto\/\">https:\/\/www.facebook.com\/ecoart.trojmiasto\/<\/a>. Przygotowanie naturalnej soli do k\u0105pieli zajmuje mniej ni\u017c 5 minut, a naturalna pasta do z\u0119b\u00f3w na bazie oleju kokosowego bardzo dobrze spisuje si\u0119 w \u0142azience.<\/p>\n<p>Powy\u017csze warsztaty s\u0105 zwi\u0105zane z akcj\u0105\u00a0<a href=\"https:\/\/www.facebook.com\/miastonadetoksie\/\">https:\/\/www.facebook.com\/miastonadetoksie\/<\/a>.<\/p>\n<p>Serdecznie dzi\u0119kujemy Pani Profesor Paw\u0142owskiej za zorganizowanie tego wydarzenia. Pani Monice z GIWKu oraz Pani Magdzie z EcoArt za dostarczenie potrzebnych rzeczy do stoiska z naturaln\u0105 chemi\u0105 i kosmetykami oraz po\u015bwi\u0119cony nam czas.<\/p>\n<div id='gallery-1' class='gallery galleryid-665 gallery-columns-3 gallery-size-thumbnail'><figure class='gallery-item'>\n\t\t\t<div class='gallery-icon landscape'>\n\t\t\t\t<a href='https:\/\/knos.ug.edu.pl\/?attachment_id=666'><img decoding=\"async\" width=\"150\" height=\"150\" src=\"https:\/\/knos.ug.edu.pl\/wp-content\/uploads\/2018\/06\/34398158_10214667819842946_4537745403352711168_n-150x150.jpg\" class=\"attachment-thumbnail size-thumbnail\" alt=\"\" \/><\/a>\n\t\t\t<\/div><\/figure><figure class='gallery-item'>\n\t\t\t<div class='gallery-icon landscape'>\n\t\t\t\t<a href='https:\/\/knos.ug.edu.pl\/?attachment_id=667'><img decoding=\"async\" width=\"150\" height=\"150\" src=\"https:\/\/knos.ug.edu.pl\/wp-content\/uploads\/2018\/06\/34411306_10214667824123053_4879822347135090688_n-150x150.jpg\" class=\"attachment-thumbnail size-thumbnail\" alt=\"\" \/><\/a>\n\t\t\t<\/div><\/figure><figure class='gallery-item'>\n\t\t\t<div class='gallery-icon landscape'>\n\t\t\t\t<a href='https:\/\/knos.ug.edu.pl\/?attachment_id=668'><img decoding=\"async\" width=\"150\" height=\"150\" src=\"https:\/\/knos.ug.edu.pl\/wp-content\/uploads\/2018\/06\/34416322_10214667822083002_1437786275665936384_n-150x150.jpg\" class=\"attachment-thumbnail size-thumbnail\" alt=\"\" \/><\/a>\n\t\t\t<\/div><\/figure><figure class='gallery-item'>\n\t\t\t<div class='gallery-icon landscape'>\n\t\t\t\t<a href='https:\/\/knos.ug.edu.pl\/?attachment_id=669'><img loading=\"lazy\" decoding=\"async\" width=\"150\" height=\"150\" src=\"https:\/\/knos.ug.edu.pl\/wp-content\/uploads\/2018\/06\/34419221_10214667824443061_2113199346437586944_n-150x150.jpg\" class=\"attachment-thumbnail size-thumbnail\" alt=\"\" \/><\/a>\n\t\t\t<\/div><\/figure><figure class='gallery-item'>\n\t\t\t<div class='gallery-icon landscape'>\n\t\t\t\t<a href='https:\/\/knos.ug.edu.pl\/?attachment_id=670'><img loading=\"lazy\" decoding=\"async\" width=\"150\" height=\"150\" src=\"https:\/\/knos.ug.edu.pl\/wp-content\/uploads\/2018\/06\/34469775_10214667813202780_1911261413087641600_n-150x150.jpg\" class=\"attachment-thumbnail size-thumbnail\" alt=\"\" \/><\/a>\n\t\t\t<\/div><\/figure><figure class='gallery-item'>\n\t\t\t<div class='gallery-icon portrait'>\n\t\t\t\t<a href='https:\/\/knos.ug.edu.pl\/?attachment_id=671'><img loading=\"lazy\" decoding=\"async\" width=\"150\" height=\"150\" src=\"https:\/\/knos.ug.edu.pl\/wp-content\/uploads\/2018\/06\/34481821_10214667823803045_8082126740144521216_n-150x150.jpg\" class=\"attachment-thumbnail size-thumbnail\" alt=\"\" \/><\/a>\n\t\t\t<\/div><\/figure><figure class='gallery-item'>\n\t\t\t<div class='gallery-icon landscape'>\n\t\t\t\t<a href='https:\/\/knos.ug.edu.pl\/?attachment_id=672'><img loading=\"lazy\" decoding=\"async\" width=\"150\" height=\"150\" src=\"https:\/\/knos.ug.edu.pl\/wp-content\/uploads\/2018\/06\/34535858_10214667817122878_6231026712088412160_n-150x150.jpg\" class=\"attachment-thumbnail size-thumbnail\" alt=\"\" \/><\/a>\n\t\t\t<\/div><\/figure><figure class='gallery-item'>\n\t\t\t<div class='gallery-icon landscape'>\n\t\t\t\t<a href='https:\/\/knos.ug.edu.pl\/?attachment_id=673'><img loading=\"lazy\" decoding=\"async\" width=\"150\" height=\"150\" src=\"https:\/\/knos.ug.edu.pl\/wp-content\/uploads\/2018\/06\/34603294_1725689910856082_5519853820919676928_n-150x150.jpg\" class=\"attachment-thumbnail size-thumbnail\" alt=\"\" \/><\/a>\n\t\t\t<\/div><\/figure>\n\t\t<\/div>\n\n","protected":false},"excerpt":{"rendered":"<p>W ramach Europejskiego Tygodnia Zr\u00f3wnowa\u017conego Rozwoju mieli\u015bmy okazj\u0119 by\u0107 wsp\u00f3\u0142tw\u00f3rcami Dnia Zr\u00f3wnowa\u017conego Rozwoju na Wydziale Ekonomii UG, kt\u00f3ry odby\u0142 si\u0119 5 czerwca 2018. Na kt\u00f3rym przedstawiali\u015bmy aktualne zasady segregowania \u015bmieci w Gda\u0144sku oraz mieli\u015bmy okazj\u0119 spr\u00f3bowa\u0107 talerzy z otr\u0119b\u00f3w czy chips\u00f3w z manioka (pychota). Dodatkowo w ramach przygotowa\u0144 do tego wydarzenia odbyli\u015bmy szkolenie z zakresu [&hellip;]<\/p>\n","protected":false},"author":4,"featured_media":666,"comment_status":"open","ping_status":"open","sticky":false,"template":"","format":"standard","meta":{"footnotes":""},"categories":[4,3,26],"tags":[],"class_list":["post-665","post","type-post","status-publish","format-standard","has-post-thumbnail","hentry","category-impreza","category-knos","category-wydzial-ekonomii"],"_links":{"self":[{"href":"https:\/\/knos.ug.edu.pl\/index.php?rest_route=\/wp\/v2\/posts\/665","targetHints":{"allow":["GET"]}}],"collection":[{"href":"https:\/\/knos.ug.edu.pl\/index.php?rest_route=\/wp\/v2\/posts"}],"about":[{"href":"https:\/\/knos.ug.edu.pl\/index.php?rest_route=\/wp\/v2\/types\/post"}],"author":[{"embeddable":true,"href":"https:\/\/knos.ug.edu.pl\/index.php?rest_route=\/wp\/v2\/users\/4"}],"replies":[{"embeddable":true,"href":"https:\/\/knos.ug.edu.pl\/index.php?rest_route=%2Fwp%2Fv2%2Fcomments&post=665"}],"version-history":[{"count":2,"href":"https:\/\/knos.ug.edu.pl\/index.php?rest_route=\/wp\/v2\/posts\/665\/revisions"}],"predecessor-version":[{"id":684,"href":"https:\/\/knos.ug.edu.pl\/index.php?rest_route=\/wp\/v2\/posts\/665\/revisions\/684"}],"wp:featuredmedia":[{"embeddable":true,"href":"https:\/\/knos.ug.edu.pl\/index.php?rest_route=\/wp\/v2\/media\/666"}],"wp:attachment":[{"href":"https:\/\/knos.ug.edu.pl\/index.php?rest_route=%2Fwp%2Fv2%2Fmedia&parent=665"}],"wp:term":[{"taxonomy":"category","embeddable":true,"href":"https:\/\/knos.ug.edu.pl\/index.php?rest_route=%2Fwp%2Fv2%2Fcategories&post=665"},{"taxonomy":"post_tag","embeddable":true,"href":"https:\/\/knos.ug.edu.pl\/index.php?rest_route=%2Fwp%2Fv2%2Ftags&post=665"}],"curies":[{"name":"wp","href":"https:\/\/api.w.org\/{rel}","templated":true}]}}