{"id":576,"date":"2018-05-16T15:45:46","date_gmt":"2018-05-16T14:45:46","guid":{"rendered":"https:\/\/knos.ug.edu.pl\/?p=576"},"modified":"2018-05-16T15:45:46","modified_gmt":"2018-05-16T14:45:46","slug":"dni-zrownowazonego-rozwoju","status":"publish","type":"post","link":"https:\/\/knos.ug.edu.pl\/?p=576","title":{"rendered":"Dni Zr\u00f3wnowa\u017conego Rozwoju"},"content":{"rendered":"<p class=\"western\" lang=\"pl-PL\" align=\"justify\"><span style=\"font-size: small;\">Europejski Tydzie\u0144 Zr\u00f3wnowa\u017conego Rozwoju to inicjatywa w skali og\u00f3lnoeuropejskiej maj\u0105ca na celu promowanie i wspieranie idei zr\u00f3wnowa\u017conego rozwoju. <\/span><span style=\"color: #464749;\"><span style=\"font-size: small;\">Za\u0142o\u017ceniem tego projektu jest inicjowanie dzia\u0142a\u0144 promuj\u0105cych stosowanie zasad zr\u00f3wnowa\u017conego rozwoju we wszystkich dziedzinach \u017cycia i dzia\u0142alno\u015bci gospodarczej. W 2018 roku b\u0119dzie on trwa\u0142 od 30 maja do 5 czerwca. Wydzia\u0142 Ekonomiczny chce w\u0142\u0105czy\u0107 si\u0119 w promowanie idei zr\u00f3wnowa\u017conego rozwoju i 5.06.2018 zorganizowa\u0107 w Sopocie wydarzenie promuj\u0105ce t\u0119 koncepcj\u0119 pod has\u0142em<\/span><\/span><span style=\"color: #464749;\"><span style=\"font-size: small;\"><b>: \u201eIdea zr\u00f3wnowa\u017conego rozwoju \u2013 zacznij od siebie\u201d. <\/b><\/span><\/span><span style=\"color: #464749;\"><span style=\"font-size: small;\">W ramach tego wydarzenia organizowane b\u0119d\u0105 inicjatywy promuj\u0105ce ekologiczne zachowania w \u017cyciu codziennym i pokazane korzy\u015bci jakie mo\u017cna z tego uzyska\u0107. Jako Ko\u0142o Naukowe Ochrony \u015arodowiska b\u0119dziemy uczestniczy\u0107 w wydarzeniu przygotowuj\u0105c warsztaty o w\u0142asnor\u0119cznie wykonanych \u015brodkach czysto\u015bci, sortowaniu \u015bmieci czy \u015bladzie ekologicznym.\u00a0\u00a0<\/span><\/span><\/p>\n<p class=\"western\" lang=\"pl-PL\" align=\"justify\"><span style=\"color: #464749;\"><span style=\"font-size: small;\">Dodatkowo zach\u0119camy do wzi\u0119cia udzia\u0142u w konkursie &#8211; czas do 21 maja! <\/span><\/span><span style=\"color: #464749;\"><span style=\"font-size: small;\">Link do konkursu:<a href=\"https:\/\/www.facebook.com\/ESDWUG\/photos\/a.176739139698175.1073741829.171708956867860\/176742913031131\/?type=3\">https:\/\/www.facebook.com\/ESDWUG\/photos\/a.176739139698175.1073741829.171708956867860\/176742913031131\/?type=3<\/a><\/span><\/span><span style=\"color: #464749;\"><span style=\"font-size: small;\">\u00a0<\/span><\/span><\/p>\n<p class=\"western\" lang=\"pl-PL\" align=\"justify\"><span style=\"color: #464749;\"><span style=\"font-size: small;\"><img decoding=\"async\" class=\"size-medium wp-image-581 aligncenter\" src=\"https:\/\/knos.ug.edu.pl\/wp-content\/uploads\/2018\/05\/30420864_172161156822640_2623109526168454574_o-300x89.png\" alt=\"\" width=\"300\" height=\"89\" srcset=\"https:\/\/knos.ug.edu.pl\/wp-content\/uploads\/2018\/05\/30420864_172161156822640_2623109526168454574_o-300x89.png 300w, https:\/\/knos.ug.edu.pl\/wp-content\/uploads\/2018\/05\/30420864_172161156822640_2623109526168454574_o-768x227.png 768w, https:\/\/knos.ug.edu.pl\/wp-content\/uploads\/2018\/05\/30420864_172161156822640_2623109526168454574_o-1024x303.png 1024w, https:\/\/knos.ug.edu.pl\/wp-content\/uploads\/2018\/05\/30420864_172161156822640_2623109526168454574_o.png 1655w\" sizes=\"(max-width: 300px) 100vw, 300px\" \/><\/span><\/span><\/p>\n","protected":false},"excerpt":{"rendered":"<p>Europejski Tydzie\u0144 Zr\u00f3wnowa\u017conego Rozwoju to inicjatywa w skali og\u00f3lnoeuropejskiej maj\u0105ca na celu promowanie i wspieranie idei zr\u00f3wnowa\u017conego rozwoju. Za\u0142o\u017ceniem tego projektu jest inicjowanie dzia\u0142a\u0144 promuj\u0105cych stosowanie zasad zr\u00f3wnowa\u017conego rozwoju we wszystkich dziedzinach \u017cycia i dzia\u0142alno\u015bci gospodarczej. W 2018 roku b\u0119dzie on trwa\u0142 od 30 maja do 5 czerwca. Wydzia\u0142 Ekonomiczny chce w\u0142\u0105czy\u0107 si\u0119 w promowanie [&hellip;]<\/p>\n","protected":false},"author":4,"featured_media":577,"comment_status":"open","ping_status":"open","sticky":false,"template":"","format":"standard","meta":{"footnotes":""},"categories":[4,3,26],"tags":[],"class_list":["post-576","post","type-post","status-publish","format-standard","has-post-thumbnail","hentry","category-impreza","category-knos","category-wydzial-ekonomii"],"_links":{"self":[{"href":"https:\/\/knos.ug.edu.pl\/index.php?rest_route=\/wp\/v2\/posts\/576","targetHints":{"allow":["GET"]}}],"collection":[{"href":"https:\/\/knos.ug.edu.pl\/index.php?rest_route=\/wp\/v2\/posts"}],"about":[{"href":"https:\/\/knos.ug.edu.pl\/index.php?rest_route=\/wp\/v2\/types\/post"}],"author":[{"embeddable":true,"href":"https:\/\/knos.ug.edu.pl\/index.php?rest_route=\/wp\/v2\/users\/4"}],"replies":[{"embeddable":true,"href":"https:\/\/knos.ug.edu.pl\/index.php?rest_route=%2Fwp%2Fv2%2Fcomments&post=576"}],"version-history":[{"count":3,"href":"https:\/\/knos.ug.edu.pl\/index.php?rest_route=\/wp\/v2\/posts\/576\/revisions"}],"predecessor-version":[{"id":583,"href":"https:\/\/knos.ug.edu.pl\/index.php?rest_route=\/wp\/v2\/posts\/576\/revisions\/583"}],"wp:featuredmedia":[{"embeddable":true,"href":"https:\/\/knos.ug.edu.pl\/index.php?rest_route=\/wp\/v2\/media\/577"}],"wp:attachment":[{"href":"https:\/\/knos.ug.edu.pl\/index.php?rest_route=%2Fwp%2Fv2%2Fmedia&parent=576"}],"wp:term":[{"taxonomy":"category","embeddable":true,"href":"https:\/\/knos.ug.edu.pl\/index.php?rest_route=%2Fwp%2Fv2%2Fcategories&post=576"},{"taxonomy":"post_tag","embeddable":true,"href":"https:\/\/knos.ug.edu.pl\/index.php?rest_route=%2Fwp%2Fv2%2Ftags&post=576"}],"curies":[{"name":"wp","href":"https:\/\/api.w.org\/{rel}","templated":true}]}}