{"id":297,"date":"2017-05-04T15:42:33","date_gmt":"2017-05-04T14:42:33","guid":{"rendered":"https:\/\/knos.ug.edu.pl\/?p=297"},"modified":"2017-05-04T15:47:03","modified_gmt":"2017-05-04T14:47:03","slug":"zawyj-dla-wilka","status":"publish","type":"post","link":"https:\/\/knos.ug.edu.pl\/?p=297","title":{"rendered":"Zawyj dla wilka"},"content":{"rendered":"<p>Pod Neptunem o godzinie 12:00 w dniu 13 marca 2016 odby\u0142a si\u0119 akcja pod patronatem\u00a0<a href=\"https:\/\/www.facebook.com\/WWFpl\/\" target=\"_blank\">WWF Polska<\/a>\u00a0&#8222;Zawyj dla Wilka&#8221;.<\/p>\n<p>Jako wolontariusze z wilczymi uszkami wspomogli\u015bmy pracownik\u00f3w WWF-u swoj\u0105 obecno\u015bci\u0105, jak i m\u0142odzie\u0144cz\u0105 energi\u0105 i dobrym humorem.\u00a0\ud83d\ude00<\/p>\n<p>Pojawi\u0142o si\u0119 oko\u0142o 100 os\u00f3b, a nawet wokalistka zespo\u0142u The Moon &#8211; Anna Klein.<\/p>\n<p><a href=\"https:\/\/knos.ug.edu.pl\/wp-content\/uploads\/2017\/05\/18308951_10211391835785392_1845098217_.jpg\"><img fetchpriority=\"high\" decoding=\"async\" class=\"alignnone size-medium wp-image-298\" src=\"https:\/\/knos.ug.edu.pl\/wp-content\/uploads\/2017\/05\/18308951_10211391835785392_1845098217_-300x169.jpg\" alt=\"18308951_10211391835785392_1845098217_\" width=\"300\" height=\"169\" srcset=\"https:\/\/knos.ug.edu.pl\/wp-content\/uploads\/2017\/05\/18308951_10211391835785392_1845098217_-300x169.jpg 300w, https:\/\/knos.ug.edu.pl\/wp-content\/uploads\/2017\/05\/18308951_10211391835785392_1845098217_-1024x576.jpg 1024w, https:\/\/knos.ug.edu.pl\/wp-content\/uploads\/2017\/05\/18308951_10211391835785392_1845098217_.jpg 2048w\" sizes=\"(max-width: 300px) 100vw, 300px\" \/><\/a><\/p>\n","protected":false},"excerpt":{"rendered":"<p>Pod Neptunem o godzinie 12:00 w dniu 13 marca 2016 odby\u0142a si\u0119 akcja pod patronatem\u00a0WWF Polska\u00a0&#8222;Zawyj dla Wilka&#8221;. Jako wolontariusze z wilczymi uszkami wspomogli\u015bmy pracownik\u00f3w WWF-u swoj\u0105 obecno\u015bci\u0105, jak i m\u0142odzie\u0144cz\u0105 energi\u0105 i dobrym humorem.\u00a0\ud83d\ude00 Pojawi\u0142o si\u0119 oko\u0142o 100 os\u00f3b, a nawet wokalistka zespo\u0142u The Moon &#8211; Anna Klein.<\/p>\n","protected":false},"author":3,"featured_media":298,"comment_status":"open","ping_status":"open","sticky":false,"template":"","format":"standard","meta":{"footnotes":""},"categories":[3],"tags":[],"class_list":["post-297","post","type-post","status-publish","format-standard","has-post-thumbnail","hentry","category-knos"],"_links":{"self":[{"href":"https:\/\/knos.ug.edu.pl\/index.php?rest_route=\/wp\/v2\/posts\/297","targetHints":{"allow":["GET"]}}],"collection":[{"href":"https:\/\/knos.ug.edu.pl\/index.php?rest_route=\/wp\/v2\/posts"}],"about":[{"href":"https:\/\/knos.ug.edu.pl\/index.php?rest_route=\/wp\/v2\/types\/post"}],"author":[{"embeddable":true,"href":"https:\/\/knos.ug.edu.pl\/index.php?rest_route=\/wp\/v2\/users\/3"}],"replies":[{"embeddable":true,"href":"https:\/\/knos.ug.edu.pl\/index.php?rest_route=%2Fwp%2Fv2%2Fcomments&post=297"}],"version-history":[{"count":7,"href":"https:\/\/knos.ug.edu.pl\/index.php?rest_route=\/wp\/v2\/posts\/297\/revisions"}],"predecessor-version":[{"id":305,"href":"https:\/\/knos.ug.edu.pl\/index.php?rest_route=\/wp\/v2\/posts\/297\/revisions\/305"}],"wp:featuredmedia":[{"embeddable":true,"href":"https:\/\/knos.ug.edu.pl\/index.php?rest_route=\/wp\/v2\/media\/298"}],"wp:attachment":[{"href":"https:\/\/knos.ug.edu.pl\/index.php?rest_route=%2Fwp%2Fv2%2Fmedia&parent=297"}],"wp:term":[{"taxonomy":"category","embeddable":true,"href":"https:\/\/knos.ug.edu.pl\/index.php?rest_route=%2Fwp%2Fv2%2Fcategories&post=297"},{"taxonomy":"post_tag","embeddable":true,"href":"https:\/\/knos.ug.edu.pl\/index.php?rest_route=%2Fwp%2Fv2%2Ftags&post=297"}],"curies":[{"name":"wp","href":"https:\/\/api.w.org\/{rel}","templated":true}]}}