{"id":1273,"date":"2021-06-09T12:15:12","date_gmt":"2021-06-09T11:15:12","guid":{"rendered":"https:\/\/knos.ug.edu.pl\/?p=1273"},"modified":"2022-06-09T12:17:32","modified_gmt":"2022-06-09T11:17:32","slug":"wiosenna-zbiorka-dla-schroniska-promyk-podsumowanie","status":"publish","type":"post","link":"https:\/\/knos.ug.edu.pl\/?p=1273","title":{"rendered":"Wiosenna zbi\u00f3rka dla schroniska &#8222;Promyk&#8221; podsumowanie"},"content":{"rendered":"\n<p>\nZbi\u00f3rka dla <a href=\"https:\/\/www.facebook.com\/schroniskopromyk\/?__cft__[0]=AZWl0l3nGLt1HML7agkzgdXMMoK2PTj51Xh3UJNC9KLfx_FZ2LOjnL88CQCirwnxF5ZoZTxIZU11thGnm_Sck3FkKLmjitJfpMHX54kGge8EA2xBrIwGUyxeluCngLPwkQVcs8X08Ie_Wiq4d6TSTv1sGBXvg4XxQVq5PoiIV8oU0e8uD8kWFgPX3imsqhuxzFkSLATD4YRPwci0n2jRBaIg&amp;__tn__=kK-R\">PROMYK Schronisko dla Bezdomnych Zwierz\u0105t Gda\u0144sk<\/a>  zako\u0144czy\u0142a si\u0119 bardzo pomy\u015blnie! W \u015brod\u0119 odwiedzili\u015bmy schronisko wraz ze wszystkimi rzeczami, kt\u00f3re hojnie przekazali\u015bcie <\/p>\n\n\n\n<figure class=\"wp-block-image\"><img decoding=\"async\" src=\"https:\/\/static.xx.fbcdn.net\/images\/emoji.php\/v9\/t6c\/1\/16\/2764.png\" alt=\"\u2764\ufe0f\"\/><\/figure>\n\n\n\n<p> Jeste\u015bmy wdzi\u0119czni za takie zaanga\u017cowanie! Zapraszamy do obejrzenia zdj\u0119\u0107 z wizyty w schronisku. <\/p>\n\n\n\n<figure class=\"wp-block-image\"><img fetchpriority=\"high\" decoding=\"async\" width=\"768\" height=\"1024\" src=\"https:\/\/knos.ug.edu.pl\/wp-content\/uploads\/2022\/06\/204122304_1957876764383334_1687278595018553228_n-768x1024.jpg\" alt=\"\" class=\"wp-image-1274\" srcset=\"https:\/\/knos.ug.edu.pl\/wp-content\/uploads\/2022\/06\/204122304_1957876764383334_1687278595018553228_n-768x1024.jpg 768w, https:\/\/knos.ug.edu.pl\/wp-content\/uploads\/2022\/06\/204122304_1957876764383334_1687278595018553228_n-225x300.jpg 225w, https:\/\/knos.ug.edu.pl\/wp-content\/uploads\/2022\/06\/204122304_1957876764383334_1687278595018553228_n.jpg 1500w\" sizes=\"(max-width: 768px) 100vw, 768px\" \/><\/figure>\n","protected":false},"excerpt":{"rendered":"<p>Zbi\u00f3rka dla PROMYK Schronisko dla Bezdomnych Zwierz\u0105t Gda\u0144sk zako\u0144czy\u0142a si\u0119 bardzo pomy\u015blnie! W \u015brod\u0119 odwiedzili\u015bmy schronisko wraz ze wszystkimi rzeczami, kt\u00f3re hojnie przekazali\u015bcie Jeste\u015bmy wdzi\u0119czni za takie zaanga\u017cowanie! Zapraszamy do obejrzenia zdj\u0119\u0107 z wizyty w schronisku.<\/p>\n","protected":false},"author":100,"featured_media":0,"comment_status":"closed","ping_status":"closed","sticky":false,"template":"","format":"standard","meta":{"footnotes":""},"categories":[1],"tags":[],"class_list":["post-1273","post","type-post","status-publish","format-standard","hentry","category-bez-kategorii"],"_links":{"self":[{"href":"https:\/\/knos.ug.edu.pl\/index.php?rest_route=\/wp\/v2\/posts\/1273","targetHints":{"allow":["GET"]}}],"collection":[{"href":"https:\/\/knos.ug.edu.pl\/index.php?rest_route=\/wp\/v2\/posts"}],"about":[{"href":"https:\/\/knos.ug.edu.pl\/index.php?rest_route=\/wp\/v2\/types\/post"}],"author":[{"embeddable":true,"href":"https:\/\/knos.ug.edu.pl\/index.php?rest_route=\/wp\/v2\/users\/100"}],"replies":[{"embeddable":true,"href":"https:\/\/knos.ug.edu.pl\/index.php?rest_route=%2Fwp%2Fv2%2Fcomments&post=1273"}],"version-history":[{"count":1,"href":"https:\/\/knos.ug.edu.pl\/index.php?rest_route=\/wp\/v2\/posts\/1273\/revisions"}],"predecessor-version":[{"id":1275,"href":"https:\/\/knos.ug.edu.pl\/index.php?rest_route=\/wp\/v2\/posts\/1273\/revisions\/1275"}],"wp:attachment":[{"href":"https:\/\/knos.ug.edu.pl\/index.php?rest_route=%2Fwp%2Fv2%2Fmedia&parent=1273"}],"wp:term":[{"taxonomy":"category","embeddable":true,"href":"https:\/\/knos.ug.edu.pl\/index.php?rest_route=%2Fwp%2Fv2%2Fcategories&post=1273"},{"taxonomy":"post_tag","embeddable":true,"href":"https:\/\/knos.ug.edu.pl\/index.php?rest_route=%2Fwp%2Fv2%2Ftags&post=1273"}],"curies":[{"name":"wp","href":"https:\/\/api.w.org\/{rel}","templated":true}]}}